{"id":8639,"date":"2025-11-10T16:58:22","date_gmt":"2025-11-10T19:58:22","guid":{"rendered":"https:\/\/barriocomerciallajunta.cl\/?p=8639"},"modified":"2025-11-10T18:09:38","modified_gmt":"2025-11-10T21:09:38","slug":"barrio-cordon-barros-arana-naturaleza-turismo-y-vida-local-junto-al-lago-rosselot","status":"publish","type":"post","link":"https:\/\/barriocomerciallajunta.cl\/index.php\/2025\/11\/10\/barrio-cordon-barros-arana-naturaleza-turismo-y-vida-local-junto-al-lago-rosselot\/","title":{"rendered":"Barrio Cord\u00f3n Barros Arana: Naturaleza, turismo y vida local junto al Lago Rosselot"},"content":{"rendered":"<p data-start=\"190\" data-end=\"451\">Ubicado a un costado de la <strong data-start=\"217\" data-end=\"251\">Reserva Nacional Lago Rosselot<\/strong>, el <strong data-start=\"256\" data-end=\"286\">barrio Cord\u00f3n Barros Arana<\/strong> se ha consolidado como uno de los sectores m\u00e1s atractivos para quienes buscan disfrutar del contacto directo con la naturaleza y las tradiciones del sur de Chile.<\/p>\n<p data-start=\"453\" data-end=\"758\">Rodeado de un entorno privilegiado, este barrio ofrece m\u00faltiples alternativas para los visitantes: <strong data-start=\"552\" data-end=\"607\">senderismo, escalada en roca y avistamiento de aves<\/strong> son solo algunas de las actividades que se pueden realizar en los alrededores del Lago Rosselot, reconocido por su belleza esc\u00e9nica y biodiversidad.<\/p>\n<p data-start=\"760\" data-end=\"1054\">Gracias a esta ubicaci\u00f3n estrat\u00e9gica, el sector cuenta con una variada oferta de <strong data-start=\"841\" data-end=\"865\">servicios tur\u00edsticos<\/strong>, como <strong data-start=\"872\" data-end=\"936\">alojamientos, restaurantes, spa y peque\u00f1os comercios locales<\/strong>, orientados principalmente a satisfacer las necesidades de los viajeros que llegan en busca de descanso y aventura.<\/p>\n<p data-start=\"1056\" data-end=\"1273\">Para sus habitantes, la <strong data-start=\"1080\" data-end=\"1108\">mayor riqueza del barrio<\/strong> radica precisamente en la <strong data-start=\"1135\" data-end=\"1183\">naturaleza y las \u00e1reas silvestres protegidas<\/strong> que lo rodean, las cuales generan un flujo constante de visitantes durante todo el a\u00f1o.<\/p>\n<p data-start=\"1275\" data-end=\"1503\">Estar en <strong data-start=\"1284\" data-end=\"1300\">Barros Arana<\/strong> es dejar atr\u00e1s el ruido de las grandes ciudades y sumergirse en un paisaje donde el tiempo parece detenerse, entre bosques, r\u00edos y monta\u00f1as que muestran la magia inconfundible del sur de nuestro pa\u00eds.<\/p>\n<p data-start=\"1275\" data-end=\"1503\">\n","protected":false},"excerpt":{"rendered":"<p>Ubicado a un costado de la Reserva Nacional Lago Rosselot, el barrio Cord\u00f3n Barros Arana se ha consolidado como uno<\/p>\n","protected":false},"author":1,"featured_media":9,"comment_status":"closed","ping_status":"closed","sticky":false,"template":"","format":"standard","meta":{"_acf_changed":false,"footnotes":""},"categories":[77],"tags":[],"class_list":["post-8639","post","type-post","status-publish","format-standard","has-post-thumbnail","hentry","category-info"],"acf":[],"_links":{"self":[{"href":"https:\/\/barriocomerciallajunta.cl\/index.php\/wp-json\/wp\/v2\/posts\/8639","targetHints":{"allow":["GET"]}}],"collection":[{"href":"https:\/\/barriocomerciallajunta.cl\/index.php\/wp-json\/wp\/v2\/posts"}],"about":[{"href":"https:\/\/barriocomerciallajunta.cl\/index.php\/wp-json\/wp\/v2\/types\/post"}],"author":[{"embeddable":true,"href":"https:\/\/barriocomerciallajunta.cl\/index.php\/wp-json\/wp\/v2\/users\/1"}],"replies":[{"embeddable":true,"href":"https:\/\/barriocomerciallajunta.cl\/index.php\/wp-json\/wp\/v2\/comments?post=8639"}],"version-history":[{"count":6,"href":"https:\/\/barriocomerciallajunta.cl\/index.php\/wp-json\/wp\/v2\/posts\/8639\/revisions"}],"predecessor-version":[{"id":8656,"href":"https:\/\/barriocomerciallajunta.cl\/index.php\/wp-json\/wp\/v2\/posts\/8639\/revisions\/8656"}],"wp:featuredmedia":[{"embeddable":true,"href":"https:\/\/barriocomerciallajunta.cl\/index.php\/wp-json\/wp\/v2\/media\/9"}],"wp:attachment":[{"href":"https:\/\/barriocomerciallajunta.cl\/index.php\/wp-json\/wp\/v2\/media?parent=8639"}],"wp:term":[{"taxonomy":"category","embeddable":true,"href":"https:\/\/barriocomerciallajunta.cl\/index.php\/wp-json\/wp\/v2\/categories?post=8639"},{"taxonomy":"post_tag","embeddable":true,"href":"https:\/\/barriocomerciallajunta.cl\/index.php\/wp-json\/wp\/v2\/tags?post=8639"}],"curies":[{"name":"wp","href":"https:\/\/api.w.org\/{rel}","templated":true}]}}