{"id":8646,"date":"2025-11-10T18:05:03","date_gmt":"2025-11-10T21:05:03","guid":{"rendered":"https:\/\/barriocomerciallajunta.cl\/?p=8646"},"modified":"2025-11-10T18:05:03","modified_gmt":"2025-11-10T21:05:03","slug":"con-apoyo-municipal-y-sercotec-barrio-turistico-y-comercial-cordon-barros-arana-de-la-junta-logra-reactivarse","status":"publish","type":"post","link":"https:\/\/barriocomerciallajunta.cl\/index.php\/2025\/11\/10\/con-apoyo-municipal-y-sercotec-barrio-turistico-y-comercial-cordon-barros-arana-de-la-junta-logra-reactivarse\/","title":{"rendered":"Con apoyo Municipal y Sercotec Barrio Tur\u00edstico y Comercial \u201cCord\u00f3n Barros Arana\u201d de La Junta logra reactivarse"},"content":{"rendered":"<p>La Ilustre Municipalidad de Cisnes a trav\u00e9s de su oficina de Fomento Productivo de La Junta y la Oficina de Fomento y Turismo, destacan al nuevo Barrio Tur\u00edstico y Comercial Cord\u00f3n Barros Arana de La Junta, que nace en el a\u00f1o 2021 en el marco del Programa de Reactivaci\u00f3n especial para Centros y Barrios Comerciales de Sercotec, que re\u00fane a micro y peque\u00f1as empresas. Este instrumento consisti\u00f3 en apoyar la activaci\u00f3n, gesti\u00f3n y comunicaci\u00f3n de la oferta comercial de empresas de comercio minorista de La Junta, tales como: negocios, gimnasio, servicios de alimentaci\u00f3n, alojamientos y de actividades tur\u00edsticas, adem\u00e1s de la participaci\u00f3n de una radiodifusora, entre otras.<\/p>\n<p>Las empresas participantes se beneficiaron a trav\u00e9s de asistencia t\u00e9cnica comercial y financiamiento no reembolsable de $35.000.000 millones de pesos, para el mejoramiento de infraestructura, difusi\u00f3n y marketing, como as\u00ed tambi\u00e9n, bonificaci\u00f3n del capital de trabajo de las empresas. En el tema de difusi\u00f3n se envi\u00f3 a hacer pend\u00f3n y bolsas reciclables para cada socio, adem\u00e1s del dise\u00f1o de logo de la agrupaci\u00f3n.<\/p>\n<p>Para el presidente del Barrio Tur\u00edstico y Comercial Cord\u00f3n Barros Arana de La Junta, Cesar Vidal, la ayuda benefici\u00f3 a 10 peque\u00f1os empresarios de la localidad, quienes pudieron mejorar sus respectivos negocios. \u201cAgradecer a todos ustedes por hacer posible que el Barrio Tur\u00edstico y Comercial Cord\u00f3n Barros Arana se hiciera acreedor de este proyecto, muchos de nosotros, 10 beneficiados del proyecto que por primera vez estamos participando de este tipo de instancias, que no hace m\u00e1s que venir a engrandecer las pymes de nuestra localidad, agradecer tambi\u00e9n, al equipo municipal, al equipo de fomento, a Lorena y H\u00e9ctor, por el apoyo brindado a trav\u00e9s de la postulaci\u00f3n\u201d, recalc\u00f3 el presidente de la agrupaci\u00f3n.<\/p>\n<audio class=\"wp-audio-shortcode\" id=\"audio-8646-1\" preload=\"none\" style=\"width: 100%;\" controls=\"controls\"><source type=\"audio\/mpeg\" src=\"https:\/\/municipalidadcisnes.cl\/wp-content\/uploads\/2022\/10\/CESAR-VIDAL-barrio-la-junta.mp3?_=1\" \/><a href=\"https:\/\/municipalidadcisnes.cl\/wp-content\/uploads\/2022\/10\/CESAR-VIDAL-barrio-la-junta.mp3\">https:\/\/municipalidadcisnes.cl\/wp-content\/uploads\/2022\/10\/CESAR-VIDAL-barrio-la-junta.mp3<\/a><\/audio>\n<p>Por su parte, Lorena Lehnebach, encargada de la Oficina de Fomento Productivo y Turismo en el Municipio, dijo que, \u201ccomo Municipalidad de Cisnes, estamos orgullosos del trabajo realizado por el Barrio Comercial Barros Arana de la localidad de La Junta, grupo de empresarios que se uni\u00f3 en base a este proyecto de Sercotec para ir identificando\u00a0 mejoras tanto para sus temas de comercio, sus emprendimientos, desarrollo del turismo, y que hoy en d\u00eda nos llevo tambi\u00e9n \u00a0conformar una agrupaci\u00f3n de manera m\u00e1s formalizada, y en la cual\u00a0 ya est\u00e1n visualizando otras acciones para desarrollar a corto plazo que tambi\u00e9n involucre el desarrollo tur\u00edstico de la localidad y con participaci\u00f3n de la comunidad. As\u00ed es que, nosotros como Municipio a trav\u00e9s de la unidad de Fomento Productivo y Turismo, vamos a estar apoy\u00e1ndolos constantemente en cada una de las acciones que necesiten desarrollar de aqu\u00ed en adelante\u201d.<\/p>\n<audio class=\"wp-audio-shortcode\" id=\"audio-8646-2\" preload=\"none\" style=\"width: 100%;\" controls=\"controls\"><source type=\"audio\/mpeg\" src=\"https:\/\/municipalidadcisnes.cl\/wp-content\/uploads\/2022\/10\/LORENA-LEHNEBACH-barrio-la-junta.mp3?_=2\" \/><a href=\"https:\/\/municipalidadcisnes.cl\/wp-content\/uploads\/2022\/10\/LORENA-LEHNEBACH-barrio-la-junta.mp3\">https:\/\/municipalidadcisnes.cl\/wp-content\/uploads\/2022\/10\/LORENA-LEHNEBACH-barrio-la-junta.mp3<\/a><\/audio>\n\n\t\t<style type=\"text\/css\">\n\t\t\t#gallery-1 {\n\t\t\t\tmargin: auto;\n\t\t\t}\n\t\t\t#gallery-1 .gallery-item {\n\t\t\t\tfloat: left;\n\t\t\t\tmargin-top: 10px;\n\t\t\t\ttext-align: center;\n\t\t\t\twidth: 33%;\n\t\t\t}\n\t\t\t#gallery-1 img {\n\t\t\t\tborder: 2px solid #cfcfcf;\n\t\t\t}\n\t\t\t#gallery-1 .gallery-caption {\n\t\t\t\tmargin-left: 0;\n\t\t\t}\n\t\t\t\/* see gallery_shortcode() in wp-includes\/media.php *\/\n\t\t<\/style>\n\t\t<div id='gallery-1' class='gallery galleryid-8646 gallery-columns-3 gallery-size-thumbnail'><dl class='gallery-item'>\n\t\t\t<dt class='gallery-icon landscape'>\n\t\t\t\t<a href='https:\/\/barriocomerciallajunta.cl\/index.php\/2025\/11\/10\/con-apoyo-municipal-y-sercotec-barrio-turistico-y-comercial-cordon-barros-arana-de-la-junta-logra-reactivarse\/barrio-la-junta-1-1024x461\/'><img decoding=\"async\" width=\"150\" height=\"150\" src=\"https:\/\/barriocomerciallajunta.cl\/wp-content\/uploads\/2025\/11\/BARRIO-LA-JUNTA-1-1024x461-1-150x150.jpeg\" class=\"attachment-thumbnail size-thumbnail\" alt=\"\" \/><\/a>\n\t\t\t<\/dt><\/dl><dl class='gallery-item'>\n\t\t\t<dt class='gallery-icon landscape'>\n\t\t\t\t<a href='https:\/\/barriocomerciallajunta.cl\/index.php\/2025\/11\/10\/con-apoyo-municipal-y-sercotec-barrio-turistico-y-comercial-cordon-barros-arana-de-la-junta-logra-reactivarse\/barrio-la-junta-2-1024x768\/'><img decoding=\"async\" width=\"150\" height=\"150\" src=\"https:\/\/barriocomerciallajunta.cl\/wp-content\/uploads\/2025\/11\/BARRIO-LA-JUNTA-2-1024x768-1-150x150.jpeg\" class=\"attachment-thumbnail size-thumbnail\" alt=\"\" \/><\/a>\n\t\t\t<\/dt><\/dl><dl class='gallery-item'>\n\t\t\t<dt class='gallery-icon landscape'>\n\t\t\t\t<a href='https:\/\/barriocomerciallajunta.cl\/index.php\/2025\/11\/10\/con-apoyo-municipal-y-sercotec-barrio-turistico-y-comercial-cordon-barros-arana-de-la-junta-logra-reactivarse\/barrio-la-junta-3-1024x768\/'><img decoding=\"async\" width=\"150\" height=\"150\" src=\"https:\/\/barriocomerciallajunta.cl\/wp-content\/uploads\/2025\/11\/BARRIO-LA-JUNTA-3-1024x768-1-150x150.jpeg\" class=\"attachment-thumbnail size-thumbnail\" alt=\"\" \/><\/a>\n\t\t\t<\/dt><\/dl><br style=\"clear: both\" \/><dl class='gallery-item'>\n\t\t\t<dt class='gallery-icon landscape'>\n\t\t\t\t<a href='https:\/\/barriocomerciallajunta.cl\/index.php\/2025\/11\/10\/con-apoyo-municipal-y-sercotec-barrio-turistico-y-comercial-cordon-barros-arana-de-la-junta-logra-reactivarse\/barrio-la-junta-4\/'><img loading=\"lazy\" decoding=\"async\" width=\"150\" height=\"150\" src=\"https:\/\/barriocomerciallajunta.cl\/wp-content\/uploads\/2025\/11\/BARRIO-LA-JUNTA-4-150x150.jpeg\" class=\"attachment-thumbnail size-thumbnail\" alt=\"\" \/><\/a>\n\t\t\t<\/dt><\/dl><dl class='gallery-item'>\n\t\t\t<dt class='gallery-icon portrait'>\n\t\t\t\t<a href='https:\/\/barriocomerciallajunta.cl\/index.php\/2025\/11\/10\/con-apoyo-municipal-y-sercotec-barrio-turistico-y-comercial-cordon-barros-arana-de-la-junta-logra-reactivarse\/barrio-la-junta-5\/'><img loading=\"lazy\" decoding=\"async\" width=\"150\" height=\"150\" src=\"https:\/\/barriocomerciallajunta.cl\/wp-content\/uploads\/2025\/11\/BARRIO-LA-JUNTA-5-150x150.jpeg\" class=\"attachment-thumbnail size-thumbnail\" alt=\"\" \/><\/a>\n\t\t\t<\/dt><\/dl><dl class='gallery-item'>\n\t\t\t<dt class='gallery-icon landscape'>\n\t\t\t\t<a href='https:\/\/barriocomerciallajunta.cl\/index.php\/2025\/11\/10\/con-apoyo-municipal-y-sercotec-barrio-turistico-y-comercial-cordon-barros-arana-de-la-junta-logra-reactivarse\/barrio-la-junta-6-1024x768\/'><img loading=\"lazy\" decoding=\"async\" width=\"150\" height=\"150\" src=\"https:\/\/barriocomerciallajunta.cl\/wp-content\/uploads\/2025\/11\/BARRIO-LA-JUNTA-6-1024x768-1-150x150.jpeg\" class=\"attachment-thumbnail size-thumbnail\" alt=\"\" \/><\/a>\n\t\t\t<\/dt><\/dl><br style=\"clear: both\" \/>\n\t\t<\/div>\n\n","protected":false},"excerpt":{"rendered":"<p>La Ilustre Municipalidad de Cisnes a trav\u00e9s de su oficina de Fomento Productivo de La Junta y la Oficina de<\/p>\n","protected":false},"author":1,"featured_media":8652,"comment_status":"closed","ping_status":"closed","sticky":false,"template":"","format":"standard","meta":{"_acf_changed":false,"footnotes":""},"categories":[77],"tags":[],"class_list":["post-8646","post","type-post","status-publish","format-standard","has-post-thumbnail","hentry","category-info"],"acf":[],"_links":{"self":[{"href":"https:\/\/barriocomerciallajunta.cl\/index.php\/wp-json\/wp\/v2\/posts\/8646","targetHints":{"allow":["GET"]}}],"collection":[{"href":"https:\/\/barriocomerciallajunta.cl\/index.php\/wp-json\/wp\/v2\/posts"}],"about":[{"href":"https:\/\/barriocomerciallajunta.cl\/index.php\/wp-json\/wp\/v2\/types\/post"}],"author":[{"embeddable":true,"href":"https:\/\/barriocomerciallajunta.cl\/index.php\/wp-json\/wp\/v2\/users\/1"}],"replies":[{"embeddable":true,"href":"https:\/\/barriocomerciallajunta.cl\/index.php\/wp-json\/wp\/v2\/comments?post=8646"}],"version-history":[{"count":1,"href":"https:\/\/barriocomerciallajunta.cl\/index.php\/wp-json\/wp\/v2\/posts\/8646\/revisions"}],"predecessor-version":[{"id":8654,"href":"https:\/\/barriocomerciallajunta.cl\/index.php\/wp-json\/wp\/v2\/posts\/8646\/revisions\/8654"}],"wp:featuredmedia":[{"embeddable":true,"href":"https:\/\/barriocomerciallajunta.cl\/index.php\/wp-json\/wp\/v2\/media\/8652"}],"wp:attachment":[{"href":"https:\/\/barriocomerciallajunta.cl\/index.php\/wp-json\/wp\/v2\/media?parent=8646"}],"wp:term":[{"taxonomy":"category","embeddable":true,"href":"https:\/\/barriocomerciallajunta.cl\/index.php\/wp-json\/wp\/v2\/categories?post=8646"},{"taxonomy":"post_tag","embeddable":true,"href":"https:\/\/barriocomerciallajunta.cl\/index.php\/wp-json\/wp\/v2\/tags?post=8646"}],"curies":[{"name":"wp","href":"https:\/\/api.w.org\/{rel}","templated":true}]}}