{"id":8657,"date":"2025-11-10T18:11:18","date_gmt":"2025-11-10T21:11:18","guid":{"rendered":"https:\/\/barriocomerciallajunta.cl\/?p=8657"},"modified":"2025-11-10T18:11:18","modified_gmt":"2025-11-10T21:11:18","slug":"primer-encuentro-empresarial-desarrollado-en-la-junta-por-el-marco-del-programa-barrios-comercial-de-sercotec","status":"publish","type":"post","link":"https:\/\/barriocomerciallajunta.cl\/index.php\/2025\/11\/10\/primer-encuentro-empresarial-desarrollado-en-la-junta-por-el-marco-del-programa-barrios-comercial-de-sercotec\/","title":{"rendered":"Primer Encuentro Empresarial desarrollado en La Junta, por el marco del Programa Barrios Comercial de Sercotec"},"content":{"rendered":"<p>El pasado 8 de noviembre, se desarroll\u00f3 el Primer Encuentro Empresarial , ejecutado por el Barrio Tur\u00edstico y Comercial Cord\u00f3n Barros Arana \u2013 La Junta, congregando a socios de la organizaci\u00f3n y empresarios locales, apoyado por la Municipalidad de Cisnes y el programa Barrios Comerciales de Sercotec.<\/p>\n<p>A la actividad asisti\u00f3 el Alcalde de la Comuna de Cisnes Francisco Roncagliolo Lepio, Paola Rodr\u00edguez Consejera Regional de Ays\u00e9n, la Coordinadora Regional de Sercotec Ivonne Pereira, y empresarias de la localidad de Puyuhuapi.<\/p>\n<p>\u201c<strong>Como Alcalde de la Comuna de Cisnes estoy muy contento que se haya desarrollado esta conversaci\u00f3n entre emprendedores , tambi\u00e9n con servicios p\u00fablicos que estamos presentes obviamente con nuestro municipio, como una forma de visualizar tambi\u00e9n, lo que ha costado y lo que estamos logrando, ahora la invitaci\u00f3n es trabajar en conjunto, a seguir avanzando, a poder enfrentar estos tiempos de mala racha sobre todo econ\u00f3micas en conjunto, y tambi\u00e9n como Comuna podamos poner la proa por decirlo as\u00ed pensando en c\u00f3mo mejorar las condiciones para nuestros emprendedores y empresas comunales<\/strong>\u201d, resalt\u00f3 el edil comunal.<\/p>\n<p>El evento, enmarcado en la Semana de las MiPymes, cont\u00f3 con las exposiciones de Humberto Rivas, Ge\u00f3logo, Dr. Econom\u00eda y derecho acad\u00e9mico USS; Andrea Zabala, socia fundadora Destiler\u00eda Tepaluma, y Gonzalo Schilling, microempresario y ganadero de La Junta, quienes nos dieron a conocer sus experiencias con respecto al turismo, las oportunidades para el desarrollo tur\u00edstico sostenible, y los encadenamientos productivos en la Comuna de Cisnes.<\/p>\n<p>Sin lugar a duda, el primer encuentro empresarial fue una instancia para conectar ideas, fomentar la asociatividad y potenciar los negocios locales.<\/p>\n\n\t\t<style type=\"text\/css\">\n\t\t\t#gallery-1 {\n\t\t\t\tmargin: auto;\n\t\t\t}\n\t\t\t#gallery-1 .gallery-item {\n\t\t\t\tfloat: left;\n\t\t\t\tmargin-top: 10px;\n\t\t\t\ttext-align: center;\n\t\t\t\twidth: 50%;\n\t\t\t}\n\t\t\t#gallery-1 img {\n\t\t\t\tborder: 2px solid #cfcfcf;\n\t\t\t}\n\t\t\t#gallery-1 .gallery-caption {\n\t\t\t\tmargin-left: 0;\n\t\t\t}\n\t\t\t\/* see gallery_shortcode() in wp-includes\/media.php *\/\n\t\t<\/style>\n\t\t<div id='gallery-1' class='gallery galleryid-8657 gallery-columns-2 gallery-size-thumbnail'><dl class='gallery-item'>\n\t\t\t<dt class='gallery-icon landscape'>\n\t\t\t\t<a href='https:\/\/barriocomerciallajunta.cl\/index.php\/2025\/11\/10\/primer-encuentro-empresarial-desarrollado-en-la-junta-por-el-marco-del-programa-barrios-comercial-de-sercotec\/465980625_988934329937499_2453423139896409369_n\/'><img decoding=\"async\" width=\"150\" height=\"150\" src=\"https:\/\/barriocomerciallajunta.cl\/wp-content\/uploads\/2025\/11\/465980625_988934329937499_2453423139896409369_n-150x150.jpg\" class=\"attachment-thumbnail size-thumbnail\" alt=\"\" \/><\/a>\n\t\t\t<\/dt><\/dl><dl class='gallery-item'>\n\t\t\t<dt class='gallery-icon landscape'>\n\t\t\t\t<a href='https:\/\/barriocomerciallajunta.cl\/index.php\/2025\/11\/10\/primer-encuentro-empresarial-desarrollado-en-la-junta-por-el-marco-del-programa-barrios-comercial-de-sercotec\/466041121_988934786604120_2040896175046935975_n\/'><img decoding=\"async\" width=\"150\" height=\"150\" src=\"https:\/\/barriocomerciallajunta.cl\/wp-content\/uploads\/2025\/11\/466041121_988934786604120_2040896175046935975_n-150x150.jpg\" class=\"attachment-thumbnail size-thumbnail\" alt=\"\" \/><\/a>\n\t\t\t<\/dt><\/dl><br style=\"clear: both\" \/>\n\t\t<\/div>\n\n","protected":false},"excerpt":{"rendered":"<p>El pasado 8 de noviembre, se desarroll\u00f3 el Primer Encuentro Empresarial , ejecutado por el Barrio Tur\u00edstico y Comercial Cord\u00f3n<\/p>\n","protected":false},"author":1,"featured_media":8658,"comment_status":"closed","ping_status":"closed","sticky":false,"template":"","format":"standard","meta":{"_acf_changed":false,"footnotes":""},"categories":[77],"tags":[],"class_list":["post-8657","post","type-post","status-publish","format-standard","has-post-thumbnail","hentry","category-info"],"acf":[],"_links":{"self":[{"href":"https:\/\/barriocomerciallajunta.cl\/index.php\/wp-json\/wp\/v2\/posts\/8657","targetHints":{"allow":["GET"]}}],"collection":[{"href":"https:\/\/barriocomerciallajunta.cl\/index.php\/wp-json\/wp\/v2\/posts"}],"about":[{"href":"https:\/\/barriocomerciallajunta.cl\/index.php\/wp-json\/wp\/v2\/types\/post"}],"author":[{"embeddable":true,"href":"https:\/\/barriocomerciallajunta.cl\/index.php\/wp-json\/wp\/v2\/users\/1"}],"replies":[{"embeddable":true,"href":"https:\/\/barriocomerciallajunta.cl\/index.php\/wp-json\/wp\/v2\/comments?post=8657"}],"version-history":[{"count":1,"href":"https:\/\/barriocomerciallajunta.cl\/index.php\/wp-json\/wp\/v2\/posts\/8657\/revisions"}],"predecessor-version":[{"id":8660,"href":"https:\/\/barriocomerciallajunta.cl\/index.php\/wp-json\/wp\/v2\/posts\/8657\/revisions\/8660"}],"wp:featuredmedia":[{"embeddable":true,"href":"https:\/\/barriocomerciallajunta.cl\/index.php\/wp-json\/wp\/v2\/media\/8658"}],"wp:attachment":[{"href":"https:\/\/barriocomerciallajunta.cl\/index.php\/wp-json\/wp\/v2\/media?parent=8657"}],"wp:term":[{"taxonomy":"category","embeddable":true,"href":"https:\/\/barriocomerciallajunta.cl\/index.php\/wp-json\/wp\/v2\/categories?post=8657"},{"taxonomy":"post_tag","embeddable":true,"href":"https:\/\/barriocomerciallajunta.cl\/index.php\/wp-json\/wp\/v2\/tags?post=8657"}],"curies":[{"name":"wp","href":"https:\/\/api.w.org\/{rel}","templated":true}]}}