{"id":8661,"date":"2025-11-10T18:13:18","date_gmt":"2025-11-10T21:13:18","guid":{"rendered":"https:\/\/barriocomerciallajunta.cl\/?p=8661"},"modified":"2025-11-10T18:13:18","modified_gmt":"2025-11-10T21:13:18","slug":"pymes-ayseninas-renuevan-su-imagen-para-fomentar-el-turismo-durante-todo-el-ano","status":"publish","type":"post","link":"https:\/\/barriocomerciallajunta.cl\/index.php\/2025\/11\/10\/pymes-ayseninas-renuevan-su-imagen-para-fomentar-el-turismo-durante-todo-el-ano\/","title":{"rendered":"Pymes ayseninas renuevan su imagen para fomentar el turismo durante todo el a\u00f1o"},"content":{"rendered":"<h2 class=\"mb-3 \">Peque\u00f1as empresas del barrio comercial de La Junta, gracias a Sercotec pudieron acceder a miles de productos de merchandising, un sitio web comercial y cursar clases de ingl\u00e9s.<\/h2>\n<p>Durante todo este a\u00f1o un grupo de peque\u00f1os empresarios y empresarias de la localidad de La Junta, en la comuna de Cisnes, de la Regi\u00f3n de Ays\u00e9n, se abocaron a la misi\u00f3n de renovar el sector con miras a posicionarlo como un atractivo lugar tur\u00edstico que pueda ser visitado incluso en temporada baja.<\/p>\n<p>Con apoyo del programa Fortalecimiento de Barrios Comerciales de Sercotec, las pymes del Barrio Cord\u00f3n Barros Arana \u2013 La Junta han podido acceder a financiamiento y asistencia t\u00e9cnica para llevar a cabo su proyecto asociativo, el que ya presenta avances, los cuales dieron a conocer en una ceremonia realizada en dependencias de la Delegaci\u00f3n Municipal de La Junta.<\/p>\n<p>El presidente del barrio comercial Cord\u00f3n Barros Arana de la Junta, C\u00e9sar Vidal, agradeci\u00f3 el trabajo realizado con Sercotec para potenciar sus negocios.<\/p>\n<p>\u201cHemos avanzado en crear mejores estrategias para nuestros clientes y para el turismo. Vale destacar que nuestro barrio es muy diverso, y esta labor que realizamos magnifica la asociatividad, que nos permite trabajar de mejor manera para potenciar nuestro lugar\u201d, se\u00f1al\u00f3.<\/p>\n<p>Por su parte, la directora regional de Sercotec, Nelly Vargas, explic\u00f3 que el programa de fortalecimiento de barrios comerciales busca recuperar y resignificar la actividad de los barrios mediante un trabajo asociativo.<\/p>\n<p>&#8220;En este primer a\u00f1o de los tres que dura la iniciativa, los locatarios y locatarias de La Junta han mostrado importantes avances, con m\u00e1s de 30 horas de reuniones en las que han conseguido tomar decisiones en conjunto para ir fortaleciendo y visibilizando su barrio comercial\u201d, explic\u00f3.<\/p>\n<h4>Iniciativas<\/h4>\n<p>Entre las iniciativas realizadas en el a\u00f1o destaca el desarrollo de una imagen de barrio, a trav\u00e9s de la habilitaci\u00f3n de un sitio web que muestra sus diversos comercios asociados, la creaci\u00f3n de un manual de marca y la elaboraci\u00f3n de distintos objetos de merchandising que les otorguen una identidad propia.<\/p>\n<p>En paralelo, los locatarios y locatarias participaron en talleres para fortalecer su gesti\u00f3n empresarial, con trabajos orientados a tem\u00e1ticas de liderazgo, habilidades sociales, atenci\u00f3n al cliente y manejo de ingl\u00e9s inicial para brindar un mejor servicio a los turistas internacionales que visitan el sector.<\/p>\n<p>Uno de los principales hitos que registr\u00f3 el barrio en su primera etapa asociativa fue el lanzamiento de la temporada tur\u00edstica realizada a fines de septiembre, en un evento que cont\u00f3 con la presencia de autoridades regionales, una feria de productos y la presentaci\u00f3n de artistas musicales locales.<\/p>\n<p>A futuro el barrio proyecta fortalecer las capacidades de sus socios en temas tributarios y contables y seguir su desarrollo con estrategias de recuperaci\u00f3n de fachadas e incorporaci\u00f3n de informaci\u00f3n tur\u00edstica.<\/p>\n<p>Fuente: <a href=\"https:\/\/www.diarioemprende.cl\/noticia\/actualidad\/2023\/12\/pymes-ayseninas-renuevan-su-imagen-para-fomentar-el-turismo-durante-todo-el-ano?utm_source=chatgpt.com\" target=\"_blank\" rel=\"noopener\">diarioemprende.cl<\/a><\/p>\n<p>&nbsp;<\/p>\n<p>&nbsp;<\/p>\n","protected":false},"excerpt":{"rendered":"<p>Peque\u00f1as empresas del barrio comercial de La Junta, gracias a Sercotec pudieron acceder a miles de productos de merchandising, un<\/p>\n","protected":false},"author":1,"featured_media":8662,"comment_status":"closed","ping_status":"closed","sticky":false,"template":"","format":"standard","meta":{"_acf_changed":false,"footnotes":""},"categories":[77],"tags":[],"class_list":["post-8661","post","type-post","status-publish","format-standard","has-post-thumbnail","hentry","category-info"],"acf":[],"_links":{"self":[{"href":"https:\/\/barriocomerciallajunta.cl\/index.php\/wp-json\/wp\/v2\/posts\/8661","targetHints":{"allow":["GET"]}}],"collection":[{"href":"https:\/\/barriocomerciallajunta.cl\/index.php\/wp-json\/wp\/v2\/posts"}],"about":[{"href":"https:\/\/barriocomerciallajunta.cl\/index.php\/wp-json\/wp\/v2\/types\/post"}],"author":[{"embeddable":true,"href":"https:\/\/barriocomerciallajunta.cl\/index.php\/wp-json\/wp\/v2\/users\/1"}],"replies":[{"embeddable":true,"href":"https:\/\/barriocomerciallajunta.cl\/index.php\/wp-json\/wp\/v2\/comments?post=8661"}],"version-history":[{"count":1,"href":"https:\/\/barriocomerciallajunta.cl\/index.php\/wp-json\/wp\/v2\/posts\/8661\/revisions"}],"predecessor-version":[{"id":8663,"href":"https:\/\/barriocomerciallajunta.cl\/index.php\/wp-json\/wp\/v2\/posts\/8661\/revisions\/8663"}],"wp:featuredmedia":[{"embeddable":true,"href":"https:\/\/barriocomerciallajunta.cl\/index.php\/wp-json\/wp\/v2\/media\/8662"}],"wp:attachment":[{"href":"https:\/\/barriocomerciallajunta.cl\/index.php\/wp-json\/wp\/v2\/media?parent=8661"}],"wp:term":[{"taxonomy":"category","embeddable":true,"href":"https:\/\/barriocomerciallajunta.cl\/index.php\/wp-json\/wp\/v2\/categories?post=8661"},{"taxonomy":"post_tag","embeddable":true,"href":"https:\/\/barriocomerciallajunta.cl\/index.php\/wp-json\/wp\/v2\/tags?post=8661"}],"curies":[{"name":"wp","href":"https:\/\/api.w.org\/{rel}","templated":true}]}}